{"id":57,"date":"2020-04-15T21:16:32","date_gmt":"2020-04-15T19:16:32","guid":{"rendered":"https:\/\/cms.easyhvs.de\/verhueckt\/?p=57"},"modified":"2020-04-15T21:58:07","modified_gmt":"2020-04-15T19:58:07","slug":"betriebsrat","status":"publish","type":"post","link":"https:\/\/cms.easyhvs.de\/verhueckt\/2020\/04\/15\/betriebsrat\/","title":{"rendered":"Betriebsrat"},"content":{"rendered":"\n<div class=\"wp-block-file\"><a href=\"https:\/\/cms.easyhvs.de\/verhueckt\/wp-content\/uploads\/sites\/12\/2020\/04\/BR_Kurzhinweise_DE.pdf\">Kurzhinweise zur Einleitung und Durchf\u00fchrung einer Betriebsratswahl<\/a><\/div>\n\n\n\n<div class=\"wp-block-file\"><a href=\"https:\/\/cms.easyhvs.de\/verhueckt\/wp-content\/uploads\/sites\/12\/2020\/04\/BR_Kurzhinweise_EN.pdf\">Brief Instructions  for the Introduction and Holding of a Works Council Election<\/a><\/div>\n\n\n\n<div class=\"wp-block-file\"><a href=\"https:\/\/cms.easyhvs.de\/verhueckt\/wp-content\/uploads\/sites\/12\/2020\/04\/BR_Kurzhinweise_IT.pdf\">Brevi indicazioni\ncirca l\u2019apertura e l\u2019esecuzione dell\u2019elezione di un consiglio di fabbrica<\/a><\/div>\n\n\n\n<div class=\"wp-block-file\"><a href=\"https:\/\/cms.easyhvs.de\/verhueckt\/wp-content\/uploads\/sites\/12\/2020\/04\/BR_Kurzhinweise_ES.pdf\">Instrucciones resumidas para la preparaci\u00f3n y celebraci\u00f3n de las elecciones a un comit\u00e9 de empresa\n<\/a><\/div>\n\n\n\n<div class=\"wp-block-file\"><a href=\"https:\/\/cms.easyhvs.de\/verhueckt\/wp-content\/uploads\/sites\/12\/2020\/04\/BR_Kurzhinweise_PT.pdf\">Breves Esclarecimentos\nsobre a abertura e realiza\u00e7\u00e3o da elei\u00e7\u00e3o de um conselho de empresa<\/a><\/div>\n","protected":false},"excerpt":{"rendered":"<p>Kurzhinweise zur Einleitung und Durchf\u00fchrung einer Betriebsratswahl Brief Instructions for the Introduction and Holding of a Works Council Election Brevi indicazioni circa l\u2019apertura e l\u2019esecuzione dell\u2019elezione di un consiglio di fabbrica Instrucciones resumidas para la preparaci\u00f3n y celebraci\u00f3n de las elecciones a un comit\u00e9 de empresa Breves Esclarecimentos sobre a abertura e realiza\u00e7\u00e3o da elei\u00e7\u00e3o [&hellip;]<\/p>\n","protected":false},"author":7,"featured_media":0,"comment_status":"closed","ping_status":"closed","sticky":false,"template":"","format":"standard","meta":{"footnotes":""},"categories":[1],"tags":[],"class_list":["post-57","post","type-post","status-publish","format-standard","hentry","category-allgemein"],"yoast_head":"<!-- This site is optimized with the Yoast SEO plugin v27.5 - https:\/\/yoast.com\/product\/yoast-seo-wordpress\/ -->\n<title>Betriebsrat - regiopolitik.de<\/title>\n<meta name=\"robots\" content=\"index, follow, max-snippet:-1, max-image-preview:large, max-video-preview:-1\" \/>\n<link rel=\"canonical\" href=\"https:\/\/cms.easyhvs.de\/verhueckt\/2020\/04\/15\/betriebsrat\/\" \/>\n<meta property=\"og:locale\" content=\"de_DE\" \/>\n<meta property=\"og:type\" content=\"article\" \/>\n<meta property=\"og:title\" content=\"Betriebsrat - regiopolitik.de\" \/>\n<meta property=\"og:description\" content=\"Kurzhinweise zur Einleitung und Durchf\u00fchrung einer Betriebsratswahl Brief Instructions for the Introduction and Holding of a Works Council Election Brevi indicazioni circa l\u2019apertura e l\u2019esecuzione dell\u2019elezione di un consiglio di fabbrica Instrucciones resumidas para la preparaci\u00f3n y celebraci\u00f3n de las elecciones a un comit\u00e9 de empresa Breves Esclarecimentos sobre a abertura e realiza\u00e7\u00e3o da elei\u00e7\u00e3o [&hellip;]\" \/>\n<meta property=\"og:url\" content=\"https:\/\/cms.easyhvs.de\/verhueckt\/2020\/04\/15\/betriebsrat\/\" \/>\n<meta property=\"og:site_name\" content=\"regiopolitik.de\" \/>\n<meta property=\"article:published_time\" content=\"2020-04-15T19:16:32+00:00\" \/>\n<meta property=\"article:modified_time\" content=\"2020-04-15T19:58:07+00:00\" \/>\n<meta name=\"author\" content=\"verhueckt\" \/>\n<meta name=\"twitter:card\" content=\"summary_large_image\" \/>\n<meta name=\"twitter:label1\" content=\"Verfasst von\" \/>\n\t<meta name=\"twitter:data1\" content=\"verhueckt\" \/>\n<script type=\"application\/ld+json\" class=\"yoast-schema-graph\">{\"@context\":\"https:\\\/\\\/schema.org\",\"@graph\":[{\"@type\":\"Article\",\"@id\":\"https:\\\/\\\/cms.easyhvs.de\\\/verhueckt\\\/2020\\\/04\\\/15\\\/betriebsrat\\\/#article\",\"isPartOf\":{\"@id\":\"https:\\\/\\\/cms.easyhvs.de\\\/verhueckt\\\/2020\\\/04\\\/15\\\/betriebsrat\\\/\"},\"author\":{\"name\":\"verhueckt\",\"@id\":\"https:\\\/\\\/cms.easyhvs.de\\\/verhueckt\\\/#\\\/schema\\\/person\\\/ba5479d21551f759d3dc1d3cfc3e3dbd\"},\"headline\":\"Betriebsrat\",\"datePublished\":\"2020-04-15T19:16:32+00:00\",\"dateModified\":\"2020-04-15T19:58:07+00:00\",\"mainEntityOfPage\":{\"@id\":\"https:\\\/\\\/cms.easyhvs.de\\\/verhueckt\\\/2020\\\/04\\\/15\\\/betriebsrat\\\/\"},\"wordCount\":69,\"inLanguage\":\"de\"},{\"@type\":\"WebPage\",\"@id\":\"https:\\\/\\\/cms.easyhvs.de\\\/verhueckt\\\/2020\\\/04\\\/15\\\/betriebsrat\\\/\",\"url\":\"https:\\\/\\\/cms.easyhvs.de\\\/verhueckt\\\/2020\\\/04\\\/15\\\/betriebsrat\\\/\",\"name\":\"Betriebsrat - regiopolitik.de\",\"isPartOf\":{\"@id\":\"https:\\\/\\\/cms.easyhvs.de\\\/verhueckt\\\/#website\"},\"datePublished\":\"2020-04-15T19:16:32+00:00\",\"dateModified\":\"2020-04-15T19:58:07+00:00\",\"author\":{\"@id\":\"https:\\\/\\\/cms.easyhvs.de\\\/verhueckt\\\/#\\\/schema\\\/person\\\/ba5479d21551f759d3dc1d3cfc3e3dbd\"},\"breadcrumb\":{\"@id\":\"https:\\\/\\\/cms.easyhvs.de\\\/verhueckt\\\/2020\\\/04\\\/15\\\/betriebsrat\\\/#breadcrumb\"},\"inLanguage\":\"de\",\"potentialAction\":[{\"@type\":\"ReadAction\",\"target\":[\"https:\\\/\\\/cms.easyhvs.de\\\/verhueckt\\\/2020\\\/04\\\/15\\\/betriebsrat\\\/\"]}]},{\"@type\":\"BreadcrumbList\",\"@id\":\"https:\\\/\\\/cms.easyhvs.de\\\/verhueckt\\\/2020\\\/04\\\/15\\\/betriebsrat\\\/#breadcrumb\",\"itemListElement\":[{\"@type\":\"ListItem\",\"position\":1,\"name\":\"Home\",\"item\":\"https:\\\/\\\/cms.easyhvs.de\\\/verhueckt\\\/\"},{\"@type\":\"ListItem\",\"position\":2,\"name\":\"Betriebsrat\"}]},{\"@type\":\"WebSite\",\"@id\":\"https:\\\/\\\/cms.easyhvs.de\\\/verhueckt\\\/#website\",\"url\":\"https:\\\/\\\/cms.easyhvs.de\\\/verhueckt\\\/\",\"name\":\"regiopolitik.de\",\"description\":\"\",\"potentialAction\":[{\"@type\":\"SearchAction\",\"target\":{\"@type\":\"EntryPoint\",\"urlTemplate\":\"https:\\\/\\\/cms.easyhvs.de\\\/verhueckt\\\/?s={search_term_string}\"},\"query-input\":{\"@type\":\"PropertyValueSpecification\",\"valueRequired\":true,\"valueName\":\"search_term_string\"}}],\"inLanguage\":\"de\"},{\"@type\":\"Person\",\"@id\":\"https:\\\/\\\/cms.easyhvs.de\\\/verhueckt\\\/#\\\/schema\\\/person\\\/ba5479d21551f759d3dc1d3cfc3e3dbd\",\"name\":\"verhueckt\",\"image\":{\"@type\":\"ImageObject\",\"inLanguage\":\"de\",\"@id\":\"https:\\\/\\\/secure.gravatar.com\\\/avatar\\\/660955079a24cb9655c77678f6d2a29d6a64b5cb6ed4246bda3f0c051826968f?s=96&d=mm&r=g\",\"url\":\"https:\\\/\\\/secure.gravatar.com\\\/avatar\\\/660955079a24cb9655c77678f6d2a29d6a64b5cb6ed4246bda3f0c051826968f?s=96&d=mm&r=g\",\"contentUrl\":\"https:\\\/\\\/secure.gravatar.com\\\/avatar\\\/660955079a24cb9655c77678f6d2a29d6a64b5cb6ed4246bda3f0c051826968f?s=96&d=mm&r=g\",\"caption\":\"verhueckt\"},\"url\":\"https:\\\/\\\/cms.easyhvs.de\\\/verhueckt\\\/author\\\/verhueckt\\\/\"}]}<\/script>\n<!-- \/ Yoast SEO plugin. -->","yoast_head_json":{"title":"Betriebsrat - regiopolitik.de","robots":{"index":"index","follow":"follow","max-snippet":"max-snippet:-1","max-image-preview":"max-image-preview:large","max-video-preview":"max-video-preview:-1"},"canonical":"https:\/\/cms.easyhvs.de\/verhueckt\/2020\/04\/15\/betriebsrat\/","og_locale":"de_DE","og_type":"article","og_title":"Betriebsrat - regiopolitik.de","og_description":"Kurzhinweise zur Einleitung und Durchf\u00fchrung einer Betriebsratswahl Brief Instructions for the Introduction and Holding of a Works Council Election Brevi indicazioni circa l\u2019apertura e l\u2019esecuzione dell\u2019elezione di un consiglio di fabbrica Instrucciones resumidas para la preparaci\u00f3n y celebraci\u00f3n de las elecciones a un comit\u00e9 de empresa Breves Esclarecimentos sobre a abertura e realiza\u00e7\u00e3o da elei\u00e7\u00e3o [&hellip;]","og_url":"https:\/\/cms.easyhvs.de\/verhueckt\/2020\/04\/15\/betriebsrat\/","og_site_name":"regiopolitik.de","article_published_time":"2020-04-15T19:16:32+00:00","article_modified_time":"2020-04-15T19:58:07+00:00","author":"verhueckt","twitter_card":"summary_large_image","twitter_misc":{"Verfasst von":"verhueckt"},"schema":{"@context":"https:\/\/schema.org","@graph":[{"@type":"Article","@id":"https:\/\/cms.easyhvs.de\/verhueckt\/2020\/04\/15\/betriebsrat\/#article","isPartOf":{"@id":"https:\/\/cms.easyhvs.de\/verhueckt\/2020\/04\/15\/betriebsrat\/"},"author":{"name":"verhueckt","@id":"https:\/\/cms.easyhvs.de\/verhueckt\/#\/schema\/person\/ba5479d21551f759d3dc1d3cfc3e3dbd"},"headline":"Betriebsrat","datePublished":"2020-04-15T19:16:32+00:00","dateModified":"2020-04-15T19:58:07+00:00","mainEntityOfPage":{"@id":"https:\/\/cms.easyhvs.de\/verhueckt\/2020\/04\/15\/betriebsrat\/"},"wordCount":69,"inLanguage":"de"},{"@type":"WebPage","@id":"https:\/\/cms.easyhvs.de\/verhueckt\/2020\/04\/15\/betriebsrat\/","url":"https:\/\/cms.easyhvs.de\/verhueckt\/2020\/04\/15\/betriebsrat\/","name":"Betriebsrat - regiopolitik.de","isPartOf":{"@id":"https:\/\/cms.easyhvs.de\/verhueckt\/#website"},"datePublished":"2020-04-15T19:16:32+00:00","dateModified":"2020-04-15T19:58:07+00:00","author":{"@id":"https:\/\/cms.easyhvs.de\/verhueckt\/#\/schema\/person\/ba5479d21551f759d3dc1d3cfc3e3dbd"},"breadcrumb":{"@id":"https:\/\/cms.easyhvs.de\/verhueckt\/2020\/04\/15\/betriebsrat\/#breadcrumb"},"inLanguage":"de","potentialAction":[{"@type":"ReadAction","target":["https:\/\/cms.easyhvs.de\/verhueckt\/2020\/04\/15\/betriebsrat\/"]}]},{"@type":"BreadcrumbList","@id":"https:\/\/cms.easyhvs.de\/verhueckt\/2020\/04\/15\/betriebsrat\/#breadcrumb","itemListElement":[{"@type":"ListItem","position":1,"name":"Home","item":"https:\/\/cms.easyhvs.de\/verhueckt\/"},{"@type":"ListItem","position":2,"name":"Betriebsrat"}]},{"@type":"WebSite","@id":"https:\/\/cms.easyhvs.de\/verhueckt\/#website","url":"https:\/\/cms.easyhvs.de\/verhueckt\/","name":"regiopolitik.de","description":"","potentialAction":[{"@type":"SearchAction","target":{"@type":"EntryPoint","urlTemplate":"https:\/\/cms.easyhvs.de\/verhueckt\/?s={search_term_string}"},"query-input":{"@type":"PropertyValueSpecification","valueRequired":true,"valueName":"search_term_string"}}],"inLanguage":"de"},{"@type":"Person","@id":"https:\/\/cms.easyhvs.de\/verhueckt\/#\/schema\/person\/ba5479d21551f759d3dc1d3cfc3e3dbd","name":"verhueckt","image":{"@type":"ImageObject","inLanguage":"de","@id":"https:\/\/secure.gravatar.com\/avatar\/660955079a24cb9655c77678f6d2a29d6a64b5cb6ed4246bda3f0c051826968f?s=96&d=mm&r=g","url":"https:\/\/secure.gravatar.com\/avatar\/660955079a24cb9655c77678f6d2a29d6a64b5cb6ed4246bda3f0c051826968f?s=96&d=mm&r=g","contentUrl":"https:\/\/secure.gravatar.com\/avatar\/660955079a24cb9655c77678f6d2a29d6a64b5cb6ed4246bda3f0c051826968f?s=96&d=mm&r=g","caption":"verhueckt"},"url":"https:\/\/cms.easyhvs.de\/verhueckt\/author\/verhueckt\/"}]}},"_links":{"self":[{"href":"https:\/\/cms.easyhvs.de\/verhueckt\/wp-json\/wp\/v2\/posts\/57","targetHints":{"allow":["GET"]}}],"collection":[{"href":"https:\/\/cms.easyhvs.de\/verhueckt\/wp-json\/wp\/v2\/posts"}],"about":[{"href":"https:\/\/cms.easyhvs.de\/verhueckt\/wp-json\/wp\/v2\/types\/post"}],"author":[{"embeddable":true,"href":"https:\/\/cms.easyhvs.de\/verhueckt\/wp-json\/wp\/v2\/users\/7"}],"replies":[{"embeddable":true,"href":"https:\/\/cms.easyhvs.de\/verhueckt\/wp-json\/wp\/v2\/comments?post=57"}],"version-history":[{"count":8,"href":"https:\/\/cms.easyhvs.de\/verhueckt\/wp-json\/wp\/v2\/posts\/57\/revisions"}],"predecessor-version":[{"id":69,"href":"https:\/\/cms.easyhvs.de\/verhueckt\/wp-json\/wp\/v2\/posts\/57\/revisions\/69"}],"wp:attachment":[{"href":"https:\/\/cms.easyhvs.de\/verhueckt\/wp-json\/wp\/v2\/media?parent=57"}],"wp:term":[{"taxonomy":"category","embeddable":true,"href":"https:\/\/cms.easyhvs.de\/verhueckt\/wp-json\/wp\/v2\/categories?post=57"},{"taxonomy":"post_tag","embeddable":true,"href":"https:\/\/cms.easyhvs.de\/verhueckt\/wp-json\/wp\/v2\/tags?post=57"}],"curies":[{"name":"wp","href":"https:\/\/api.w.org\/{rel}","templated":true}]}}