{"id":2563,"date":"2025-02-03T14:53:36","date_gmt":"2025-02-03T14:53:36","guid":{"rendered":"https:\/\/cms.easyhvs.de\/resatest\/?p=2563"},"modified":"2025-02-28T16:09:40","modified_gmt":"2025-02-28T16:09:40","slug":"salsa-bachata-festival-2025","status":"publish","type":"post","link":"https:\/\/cms.easyhvs.de\/resatest\/salsa-bachata-festival-2025\/","title":{"rendered":"Salsa &#038; Bachata Festival 2025"},"content":{"rendered":"\n<p>An zwei aufeinanderfolgenden Tagen, am Samstag, 15. und Sonntag, 16. M\u00e4rz, findet in Freiburg und Merzhausen das Salsa &amp; Bachata Festival 2025 statt.<br>Veranstalter Flavio Alborino verspricht: \u201eEs wird ein Event, wie es die Region seit Langem nicht mehr gesehen und erlebt hat.\u201c Die beiden Tage sind vollgepackt mit Workshops, die tags\u00fcber im Studio Pro Arte in Merzhausen stattfinden. Dabei gibt es Gelegenheit, Salsa und Bachata sowohl f\u00fcr Anf\u00e4nger wie f\u00fcr Fortgeschrittene zu erlernen oder unter professioneller Anleitung weiter auszubauen.<br>Als Tanzlehrer sowie Showt\u00e4nzer treten \u2013 neben dem Veranstalter selbst \u2013 unter anderem auf:<\/p>\n\n\n\n<ul class=\"wp-block-list\">\n<li>Willy Arey und Jessy Valentini aus Mexiko \/ Florenz (Italien) sowie<\/li>\n\n\n\n<li>Marie-Christine (Deutschland \/ Martinique) und<\/li>\n\n\n\n<li>Hanna &amp; Adel (Deutschland \/ Frankreich)<\/li>\n<\/ul>\n\n\n\n<p>An beiden Abenden wird es Partys, Shows und Animation geben sowie abwechslungsreiche Musik von verschiedenen DJs (am Samstag DJ Rumbero aus Peru und am Sonntag DJ Pepe Cuentas aus Bolivien \/ Mailand &#8211; Italien). Auch der lokal bekannte Musiker Ro Kuijpers wird mit an Bord sein und die russischst\u00e4mmige S\u00e4ngerin Vika, die beide mit ihren Hits \u201eCha-Cha-Train\u201c und \u201eBaby hold me tight\u201c unter dem Band-Namen \u201eMambo Mafia\u201c die Charts st\u00fcrmten und internationale Erfolge feierten.<br>W\u00e4hrend die Workshops jeweils im Studio Pro Arte in Merzhausen stattfinden, wird die erste Party am Samstag, 15. M\u00e4rz ab 21 Uhr im Haus 37 im Vauban sein, die zweite am Sonntag, 16. M\u00e4rz bereits ab 18 Uhr (bis 21.30 Uhr) im Studio Pro Arte, Merzhausen.<br>An beiden Abenden gibt es Sektempfang und am Samstag zudem Fingerfood f\u00fcr die G\u00e4ste. Aufgrund der Raumgr\u00f6\u00dfe ist die Anzahl Tickets begrenzt. Interessierte sollten daher nicht zu lange warten.<br>Tickets gibt es ab sofort per WhatsApp an: 0049-155-10269308 sowie online unter www.chickiding.de<\/p>\n\n\n\n<p>Weitere Infos und Flyeransichten: siehe unseren regiosalsa-Kalender!<\/p>\n","protected":false},"excerpt":{"rendered":"<p>An zwei aufeinanderfolgenden Tagen, am Samstag, 15. und Sonntag, 16. M\u00e4rz, findet in Freiburg und Merzhausen das Salsa &amp; Bachata Festival 2025 statt.Veranstalter Flavio Alborino verspricht: \u201eEs wird ein Event, wie es die Region seit Langem nicht mehr gesehen und erlebt hat.\u201c Die beiden Tage sind vollgepackt mit Workshops, die tags\u00fcber im Studio Pro Arte [&hellip;]<\/p>\n","protected":false},"author":11,"featured_media":2576,"comment_status":"closed","ping_status":"closed","sticky":false,"template":"","format":"standard","meta":{"ocean_post_layout":"","ocean_both_sidebars_style":"","ocean_both_sidebars_content_width":0,"ocean_both_sidebars_sidebars_width":0,"ocean_sidebar":"","ocean_second_sidebar":"","ocean_disable_margins":"enable","ocean_add_body_class":"","ocean_shortcode_before_top_bar":"","ocean_shortcode_after_top_bar":"","ocean_shortcode_before_header":"","ocean_shortcode_after_header":"","ocean_has_shortcode":"","ocean_shortcode_after_title":"","ocean_shortcode_before_footer_widgets":"","ocean_shortcode_after_footer_widgets":"","ocean_shortcode_before_footer_bottom":"","ocean_shortcode_after_footer_bottom":"","ocean_display_top_bar":"default","ocean_display_header":"default","ocean_header_style":"","ocean_center_header_left_menu":"","ocean_custom_header_template":"","ocean_custom_logo":0,"ocean_custom_retina_logo":0,"ocean_custom_logo_max_width":0,"ocean_custom_logo_tablet_max_width":0,"ocean_custom_logo_mobile_max_width":0,"ocean_custom_logo_max_height":0,"ocean_custom_logo_tablet_max_height":0,"ocean_custom_logo_mobile_max_height":0,"ocean_header_custom_menu":"","ocean_menu_typo_font_family":"","ocean_menu_typo_font_subset":"","ocean_menu_typo_font_size":0,"ocean_menu_typo_font_size_tablet":0,"ocean_menu_typo_font_size_mobile":0,"ocean_menu_typo_font_size_unit":"px","ocean_menu_typo_font_weight":"","ocean_menu_typo_font_weight_tablet":"","ocean_menu_typo_font_weight_mobile":"","ocean_menu_typo_transform":"","ocean_menu_typo_transform_tablet":"","ocean_menu_typo_transform_mobile":"","ocean_menu_typo_line_height":0,"ocean_menu_typo_line_height_tablet":0,"ocean_menu_typo_line_height_mobile":0,"ocean_menu_typo_line_height_unit":"","ocean_menu_typo_spacing":0,"ocean_menu_typo_spacing_tablet":0,"ocean_menu_typo_spacing_mobile":0,"ocean_menu_typo_spacing_unit":"","ocean_menu_link_color":"","ocean_menu_link_color_hover":"","ocean_menu_link_color_active":"","ocean_menu_link_background":"","ocean_menu_link_hover_background":"","ocean_menu_link_active_background":"","ocean_menu_social_links_bg":"","ocean_menu_social_hover_links_bg":"","ocean_menu_social_links_color":"","ocean_menu_social_hover_links_color":"","ocean_disable_title":"default","ocean_disable_heading":"default","ocean_post_title":"","ocean_post_subheading":"","ocean_post_title_style":"","ocean_post_title_background_color":"","ocean_post_title_background":0,"ocean_post_title_bg_image_position":"","ocean_post_title_bg_image_attachment":"","ocean_post_title_bg_image_repeat":"","ocean_post_title_bg_image_size":"","ocean_post_title_height":0,"ocean_post_title_bg_overlay":0.5,"ocean_post_title_bg_overlay_color":"","ocean_disable_breadcrumbs":"default","ocean_breadcrumbs_color":"","ocean_breadcrumbs_separator_color":"","ocean_breadcrumbs_links_color":"","ocean_breadcrumbs_links_hover_color":"","ocean_display_footer_widgets":"default","ocean_display_footer_bottom":"default","ocean_custom_footer_template":"","ocean_post_oembed":"","ocean_post_self_hosted_media":"","ocean_post_video_embed":"","ocean_link_format":"","ocean_link_format_target":"self","ocean_quote_format":"","ocean_quote_format_link":"post","ocean_gallery_link_images":"off","ocean_gallery_id":[],"footnotes":""},"categories":[17,7],"tags":[],"class_list":["post-2563","post","type-post","status-publish","format-standard","has-post-thumbnail","hentry","category-class","category-event","entry","has-media"],"yoast_head":"<!-- This site is optimized with the Yoast SEO plugin v27.5 - https:\/\/yoast.com\/product\/yoast-seo-wordpress\/ -->\n<title>Salsa &amp; Bachata Festival 2025 - regiosalsa<\/title>\n<meta name=\"robots\" content=\"index, follow, max-snippet:-1, max-image-preview:large, max-video-preview:-1\" \/>\n<link rel=\"canonical\" href=\"https:\/\/cms.easyhvs.de\/resatest\/salsa-bachata-festival-2025\/\" \/>\n<meta property=\"og:locale\" content=\"de_DE\" \/>\n<meta property=\"og:type\" content=\"article\" \/>\n<meta property=\"og:title\" content=\"Salsa &amp; Bachata Festival 2025 - regiosalsa\" \/>\n<meta property=\"og:description\" content=\"An zwei aufeinanderfolgenden Tagen, am Samstag, 15. und Sonntag, 16. M\u00e4rz, findet in Freiburg und Merzhausen das Salsa &amp; Bachata Festival 2025 statt.Veranstalter Flavio Alborino verspricht: \u201eEs wird ein Event, wie es die Region seit Langem nicht mehr gesehen und erlebt hat.\u201c Die beiden Tage sind vollgepackt mit Workshops, die tags\u00fcber im Studio Pro Arte [&hellip;]\" \/>\n<meta property=\"og:url\" content=\"https:\/\/cms.easyhvs.de\/resatest\/salsa-bachata-festival-2025\/\" \/>\n<meta property=\"og:site_name\" content=\"regiosalsa\" \/>\n<meta property=\"article:published_time\" content=\"2025-02-03T14:53:36+00:00\" \/>\n<meta property=\"article:modified_time\" content=\"2025-02-28T16:09:40+00:00\" \/>\n<meta property=\"og:image\" content=\"https:\/\/cms.easyhvs.de\/resatest\/wp-content\/uploads\/sites\/14\/2025\/02\/SalsaBachata-Festival_3-2025_front-finalSponsoren-722x1024.jpg\" \/>\n\t<meta property=\"og:image:width\" content=\"722\" \/>\n\t<meta property=\"og:image:height\" content=\"1024\" \/>\n\t<meta property=\"og:image:type\" content=\"image\/jpeg\" \/>\n<meta name=\"author\" content=\"Reinhold Wagner\" \/>\n<meta name=\"twitter:card\" content=\"summary_large_image\" \/>\n<meta name=\"twitter:label1\" content=\"Verfasst von\" \/>\n\t<meta name=\"twitter:data1\" content=\"Reinhold Wagner\" \/>\n\t<meta name=\"twitter:label2\" content=\"Gesch\u00e4tzte Lesezeit\" \/>\n\t<meta name=\"twitter:data2\" content=\"2\u00a0Minuten\" \/>\n<script type=\"application\/ld+json\" class=\"yoast-schema-graph\">{\"@context\":\"https:\\\/\\\/schema.org\",\"@graph\":[{\"@type\":\"Article\",\"@id\":\"https:\\\/\\\/cms.easyhvs.de\\\/resatest\\\/salsa-bachata-festival-2025\\\/#article\",\"isPartOf\":{\"@id\":\"https:\\\/\\\/cms.easyhvs.de\\\/resatest\\\/salsa-bachata-festival-2025\\\/\"},\"author\":{\"name\":\"Reinhold Wagner\",\"@id\":\"https:\\\/\\\/cms.easyhvs.de\\\/resatest\\\/#\\\/schema\\\/person\\\/db7c9251693de37cfe05be1fac9b38d1\"},\"headline\":\"Salsa &#038; Bachata Festival 2025\",\"datePublished\":\"2025-02-03T14:53:36+00:00\",\"dateModified\":\"2025-02-28T16:09:40+00:00\",\"mainEntityOfPage\":{\"@id\":\"https:\\\/\\\/cms.easyhvs.de\\\/resatest\\\/salsa-bachata-festival-2025\\\/\"},\"wordCount\":291,\"publisher\":{\"@id\":\"https:\\\/\\\/cms.easyhvs.de\\\/resatest\\\/#organization\"},\"image\":{\"@id\":\"https:\\\/\\\/cms.easyhvs.de\\\/resatest\\\/salsa-bachata-festival-2025\\\/#primaryimage\"},\"thumbnailUrl\":\"https:\\\/\\\/cms.easyhvs.de\\\/resatest\\\/wp-content\\\/uploads\\\/sites\\\/14\\\/2025\\\/02\\\/SalsaBachata-Festival_3-2025_front-finalSponsoren.jpg\",\"articleSection\":[\"class\",\"event\"],\"inLanguage\":\"de\"},{\"@type\":\"WebPage\",\"@id\":\"https:\\\/\\\/cms.easyhvs.de\\\/resatest\\\/salsa-bachata-festival-2025\\\/\",\"url\":\"https:\\\/\\\/cms.easyhvs.de\\\/resatest\\\/salsa-bachata-festival-2025\\\/\",\"name\":\"Salsa & Bachata Festival 2025 - regiosalsa\",\"isPartOf\":{\"@id\":\"https:\\\/\\\/cms.easyhvs.de\\\/resatest\\\/#website\"},\"primaryImageOfPage\":{\"@id\":\"https:\\\/\\\/cms.easyhvs.de\\\/resatest\\\/salsa-bachata-festival-2025\\\/#primaryimage\"},\"image\":{\"@id\":\"https:\\\/\\\/cms.easyhvs.de\\\/resatest\\\/salsa-bachata-festival-2025\\\/#primaryimage\"},\"thumbnailUrl\":\"https:\\\/\\\/cms.easyhvs.de\\\/resatest\\\/wp-content\\\/uploads\\\/sites\\\/14\\\/2025\\\/02\\\/SalsaBachata-Festival_3-2025_front-finalSponsoren.jpg\",\"datePublished\":\"2025-02-03T14:53:36+00:00\",\"dateModified\":\"2025-02-28T16:09:40+00:00\",\"breadcrumb\":{\"@id\":\"https:\\\/\\\/cms.easyhvs.de\\\/resatest\\\/salsa-bachata-festival-2025\\\/#breadcrumb\"},\"inLanguage\":\"de\",\"potentialAction\":[{\"@type\":\"ReadAction\",\"target\":[\"https:\\\/\\\/cms.easyhvs.de\\\/resatest\\\/salsa-bachata-festival-2025\\\/\"]}]},{\"@type\":\"ImageObject\",\"inLanguage\":\"de\",\"@id\":\"https:\\\/\\\/cms.easyhvs.de\\\/resatest\\\/salsa-bachata-festival-2025\\\/#primaryimage\",\"url\":\"https:\\\/\\\/cms.easyhvs.de\\\/resatest\\\/wp-content\\\/uploads\\\/sites\\\/14\\\/2025\\\/02\\\/SalsaBachata-Festival_3-2025_front-finalSponsoren.jpg\",\"contentUrl\":\"https:\\\/\\\/cms.easyhvs.de\\\/resatest\\\/wp-content\\\/uploads\\\/sites\\\/14\\\/2025\\\/02\\\/SalsaBachata-Festival_3-2025_front-finalSponsoren.jpg\",\"width\":1749,\"height\":2481},{\"@type\":\"BreadcrumbList\",\"@id\":\"https:\\\/\\\/cms.easyhvs.de\\\/resatest\\\/salsa-bachata-festival-2025\\\/#breadcrumb\",\"itemListElement\":[{\"@type\":\"ListItem\",\"position\":1,\"name\":\"Home\",\"item\":\"https:\\\/\\\/cms.easyhvs.de\\\/resatest\\\/\"},{\"@type\":\"ListItem\",\"position\":2,\"name\":\"Salsa &#038; Bachata Festival 2025\"}]},{\"@type\":\"WebSite\",\"@id\":\"https:\\\/\\\/cms.easyhvs.de\\\/resatest\\\/#website\",\"url\":\"https:\\\/\\\/cms.easyhvs.de\\\/resatest\\\/\",\"name\":\"regiosalsa\",\"description\":\"\",\"publisher\":{\"@id\":\"https:\\\/\\\/cms.easyhvs.de\\\/resatest\\\/#organization\"},\"potentialAction\":[{\"@type\":\"SearchAction\",\"target\":{\"@type\":\"EntryPoint\",\"urlTemplate\":\"https:\\\/\\\/cms.easyhvs.de\\\/resatest\\\/?s={search_term_string}\"},\"query-input\":{\"@type\":\"PropertyValueSpecification\",\"valueRequired\":true,\"valueName\":\"search_term_string\"}}],\"inLanguage\":\"de\"},{\"@type\":\"Organization\",\"@id\":\"https:\\\/\\\/cms.easyhvs.de\\\/resatest\\\/#organization\",\"name\":\"regiosalsa\",\"url\":\"https:\\\/\\\/cms.easyhvs.de\\\/resatest\\\/\",\"logo\":{\"@type\":\"ImageObject\",\"inLanguage\":\"de\",\"@id\":\"https:\\\/\\\/cms.easyhvs.de\\\/resatest\\\/#\\\/schema\\\/logo\\\/image\\\/\",\"url\":\"https:\\\/\\\/cms.easyhvs.de\\\/resatest\\\/wp-content\\\/uploads\\\/sites\\\/14\\\/2021\\\/10\\\/2012-05-04-regiosalsa_logo.png\",\"contentUrl\":\"https:\\\/\\\/cms.easyhvs.de\\\/resatest\\\/wp-content\\\/uploads\\\/sites\\\/14\\\/2021\\\/10\\\/2012-05-04-regiosalsa_logo.png\",\"width\":1142,\"height\":191,\"caption\":\"regiosalsa\"},\"image\":{\"@id\":\"https:\\\/\\\/cms.easyhvs.de\\\/resatest\\\/#\\\/schema\\\/logo\\\/image\\\/\"}},{\"@type\":\"Person\",\"@id\":\"https:\\\/\\\/cms.easyhvs.de\\\/resatest\\\/#\\\/schema\\\/person\\\/db7c9251693de37cfe05be1fac9b38d1\",\"name\":\"Reinhold Wagner\",\"image\":{\"@type\":\"ImageObject\",\"inLanguage\":\"de\",\"@id\":\"https:\\\/\\\/secure.gravatar.com\\\/avatar\\\/8ccdfdebc6445fdf286b63df1bccc68e2f1175f2c56dd82caea1ff437c732d1e?s=96&d=mm&r=g\",\"url\":\"https:\\\/\\\/secure.gravatar.com\\\/avatar\\\/8ccdfdebc6445fdf286b63df1bccc68e2f1175f2c56dd82caea1ff437c732d1e?s=96&d=mm&r=g\",\"contentUrl\":\"https:\\\/\\\/secure.gravatar.com\\\/avatar\\\/8ccdfdebc6445fdf286b63df1bccc68e2f1175f2c56dd82caea1ff437c732d1e?s=96&d=mm&r=g\",\"caption\":\"Reinhold Wagner\"},\"url\":\"https:\\\/\\\/cms.easyhvs.de\\\/resatest\\\/author\\\/wagnerr\\\/\"}]}<\/script>\n<!-- \/ Yoast SEO plugin. -->","yoast_head_json":{"title":"Salsa & Bachata Festival 2025 - regiosalsa","robots":{"index":"index","follow":"follow","max-snippet":"max-snippet:-1","max-image-preview":"max-image-preview:large","max-video-preview":"max-video-preview:-1"},"canonical":"https:\/\/cms.easyhvs.de\/resatest\/salsa-bachata-festival-2025\/","og_locale":"de_DE","og_type":"article","og_title":"Salsa & Bachata Festival 2025 - regiosalsa","og_description":"An zwei aufeinanderfolgenden Tagen, am Samstag, 15. und Sonntag, 16. M\u00e4rz, findet in Freiburg und Merzhausen das Salsa &amp; Bachata Festival 2025 statt.Veranstalter Flavio Alborino verspricht: \u201eEs wird ein Event, wie es die Region seit Langem nicht mehr gesehen und erlebt hat.\u201c Die beiden Tage sind vollgepackt mit Workshops, die tags\u00fcber im Studio Pro Arte [&hellip;]","og_url":"https:\/\/cms.easyhvs.de\/resatest\/salsa-bachata-festival-2025\/","og_site_name":"regiosalsa","article_published_time":"2025-02-03T14:53:36+00:00","article_modified_time":"2025-02-28T16:09:40+00:00","og_image":[{"width":722,"height":1024,"url":"https:\/\/cms.easyhvs.de\/resatest\/wp-content\/uploads\/sites\/14\/2025\/02\/SalsaBachata-Festival_3-2025_front-finalSponsoren-722x1024.jpg","type":"image\/jpeg"}],"author":"Reinhold Wagner","twitter_card":"summary_large_image","twitter_misc":{"Verfasst von":"Reinhold Wagner","Gesch\u00e4tzte Lesezeit":"2\u00a0Minuten"},"schema":{"@context":"https:\/\/schema.org","@graph":[{"@type":"Article","@id":"https:\/\/cms.easyhvs.de\/resatest\/salsa-bachata-festival-2025\/#article","isPartOf":{"@id":"https:\/\/cms.easyhvs.de\/resatest\/salsa-bachata-festival-2025\/"},"author":{"name":"Reinhold Wagner","@id":"https:\/\/cms.easyhvs.de\/resatest\/#\/schema\/person\/db7c9251693de37cfe05be1fac9b38d1"},"headline":"Salsa &#038; Bachata Festival 2025","datePublished":"2025-02-03T14:53:36+00:00","dateModified":"2025-02-28T16:09:40+00:00","mainEntityOfPage":{"@id":"https:\/\/cms.easyhvs.de\/resatest\/salsa-bachata-festival-2025\/"},"wordCount":291,"publisher":{"@id":"https:\/\/cms.easyhvs.de\/resatest\/#organization"},"image":{"@id":"https:\/\/cms.easyhvs.de\/resatest\/salsa-bachata-festival-2025\/#primaryimage"},"thumbnailUrl":"https:\/\/cms.easyhvs.de\/resatest\/wp-content\/uploads\/sites\/14\/2025\/02\/SalsaBachata-Festival_3-2025_front-finalSponsoren.jpg","articleSection":["class","event"],"inLanguage":"de"},{"@type":"WebPage","@id":"https:\/\/cms.easyhvs.de\/resatest\/salsa-bachata-festival-2025\/","url":"https:\/\/cms.easyhvs.de\/resatest\/salsa-bachata-festival-2025\/","name":"Salsa & Bachata Festival 2025 - regiosalsa","isPartOf":{"@id":"https:\/\/cms.easyhvs.de\/resatest\/#website"},"primaryImageOfPage":{"@id":"https:\/\/cms.easyhvs.de\/resatest\/salsa-bachata-festival-2025\/#primaryimage"},"image":{"@id":"https:\/\/cms.easyhvs.de\/resatest\/salsa-bachata-festival-2025\/#primaryimage"},"thumbnailUrl":"https:\/\/cms.easyhvs.de\/resatest\/wp-content\/uploads\/sites\/14\/2025\/02\/SalsaBachata-Festival_3-2025_front-finalSponsoren.jpg","datePublished":"2025-02-03T14:53:36+00:00","dateModified":"2025-02-28T16:09:40+00:00","breadcrumb":{"@id":"https:\/\/cms.easyhvs.de\/resatest\/salsa-bachata-festival-2025\/#breadcrumb"},"inLanguage":"de","potentialAction":[{"@type":"ReadAction","target":["https:\/\/cms.easyhvs.de\/resatest\/salsa-bachata-festival-2025\/"]}]},{"@type":"ImageObject","inLanguage":"de","@id":"https:\/\/cms.easyhvs.de\/resatest\/salsa-bachata-festival-2025\/#primaryimage","url":"https:\/\/cms.easyhvs.de\/resatest\/wp-content\/uploads\/sites\/14\/2025\/02\/SalsaBachata-Festival_3-2025_front-finalSponsoren.jpg","contentUrl":"https:\/\/cms.easyhvs.de\/resatest\/wp-content\/uploads\/sites\/14\/2025\/02\/SalsaBachata-Festival_3-2025_front-finalSponsoren.jpg","width":1749,"height":2481},{"@type":"BreadcrumbList","@id":"https:\/\/cms.easyhvs.de\/resatest\/salsa-bachata-festival-2025\/#breadcrumb","itemListElement":[{"@type":"ListItem","position":1,"name":"Home","item":"https:\/\/cms.easyhvs.de\/resatest\/"},{"@type":"ListItem","position":2,"name":"Salsa &#038; Bachata Festival 2025"}]},{"@type":"WebSite","@id":"https:\/\/cms.easyhvs.de\/resatest\/#website","url":"https:\/\/cms.easyhvs.de\/resatest\/","name":"regiosalsa","description":"","publisher":{"@id":"https:\/\/cms.easyhvs.de\/resatest\/#organization"},"potentialAction":[{"@type":"SearchAction","target":{"@type":"EntryPoint","urlTemplate":"https:\/\/cms.easyhvs.de\/resatest\/?s={search_term_string}"},"query-input":{"@type":"PropertyValueSpecification","valueRequired":true,"valueName":"search_term_string"}}],"inLanguage":"de"},{"@type":"Organization","@id":"https:\/\/cms.easyhvs.de\/resatest\/#organization","name":"regiosalsa","url":"https:\/\/cms.easyhvs.de\/resatest\/","logo":{"@type":"ImageObject","inLanguage":"de","@id":"https:\/\/cms.easyhvs.de\/resatest\/#\/schema\/logo\/image\/","url":"https:\/\/cms.easyhvs.de\/resatest\/wp-content\/uploads\/sites\/14\/2021\/10\/2012-05-04-regiosalsa_logo.png","contentUrl":"https:\/\/cms.easyhvs.de\/resatest\/wp-content\/uploads\/sites\/14\/2021\/10\/2012-05-04-regiosalsa_logo.png","width":1142,"height":191,"caption":"regiosalsa"},"image":{"@id":"https:\/\/cms.easyhvs.de\/resatest\/#\/schema\/logo\/image\/"}},{"@type":"Person","@id":"https:\/\/cms.easyhvs.de\/resatest\/#\/schema\/person\/db7c9251693de37cfe05be1fac9b38d1","name":"Reinhold Wagner","image":{"@type":"ImageObject","inLanguage":"de","@id":"https:\/\/secure.gravatar.com\/avatar\/8ccdfdebc6445fdf286b63df1bccc68e2f1175f2c56dd82caea1ff437c732d1e?s=96&d=mm&r=g","url":"https:\/\/secure.gravatar.com\/avatar\/8ccdfdebc6445fdf286b63df1bccc68e2f1175f2c56dd82caea1ff437c732d1e?s=96&d=mm&r=g","contentUrl":"https:\/\/secure.gravatar.com\/avatar\/8ccdfdebc6445fdf286b63df1bccc68e2f1175f2c56dd82caea1ff437c732d1e?s=96&d=mm&r=g","caption":"Reinhold Wagner"},"url":"https:\/\/cms.easyhvs.de\/resatest\/author\/wagnerr\/"}]}},"_links":{"self":[{"href":"https:\/\/cms.easyhvs.de\/resatest\/wp-json\/wp\/v2\/posts\/2563","targetHints":{"allow":["GET"]}}],"collection":[{"href":"https:\/\/cms.easyhvs.de\/resatest\/wp-json\/wp\/v2\/posts"}],"about":[{"href":"https:\/\/cms.easyhvs.de\/resatest\/wp-json\/wp\/v2\/types\/post"}],"author":[{"embeddable":true,"href":"https:\/\/cms.easyhvs.de\/resatest\/wp-json\/wp\/v2\/users\/11"}],"replies":[{"embeddable":true,"href":"https:\/\/cms.easyhvs.de\/resatest\/wp-json\/wp\/v2\/comments?post=2563"}],"version-history":[{"count":4,"href":"https:\/\/cms.easyhvs.de\/resatest\/wp-json\/wp\/v2\/posts\/2563\/revisions"}],"predecessor-version":[{"id":2578,"href":"https:\/\/cms.easyhvs.de\/resatest\/wp-json\/wp\/v2\/posts\/2563\/revisions\/2578"}],"wp:featuredmedia":[{"embeddable":true,"href":"https:\/\/cms.easyhvs.de\/resatest\/wp-json\/wp\/v2\/media\/2576"}],"wp:attachment":[{"href":"https:\/\/cms.easyhvs.de\/resatest\/wp-json\/wp\/v2\/media?parent=2563"}],"wp:term":[{"taxonomy":"category","embeddable":true,"href":"https:\/\/cms.easyhvs.de\/resatest\/wp-json\/wp\/v2\/categories?post=2563"},{"taxonomy":"post_tag","embeddable":true,"href":"https:\/\/cms.easyhvs.de\/resatest\/wp-json\/wp\/v2\/tags?post=2563"}],"curies":[{"name":"wp","href":"https:\/\/api.w.org\/{rel}","templated":true}]}}